{"id":3125,"date":"2023-10-04T13:08:08","date_gmt":"2023-10-04T11:08:08","guid":{"rendered":"http:\/\/sanktuariummrzyglod.pl\/?p=3125"},"modified":"2024-09-17T18:55:53","modified_gmt":"2024-09-17T16:55:53","slug":"pielgrzymka-kol-zywego-rozanca-archidiecezji-czestochowskiej-2","status":"publish","type":"post","link":"http:\/\/sanktuariummrzyglod.pl\/?p=3125","title":{"rendered":"Pielgrzymka K\u00f3\u0142 \u017bywego R\u00f3\u017ca\u0144ca Archidiecezji Cz\u0119stochowskiej"},"content":{"rendered":"\n<p>W sobot\u0119  07 pa\u017adziernika w \u015awi\u0119to Matki Bo\u017cej R\u00f3\u017ca\u0144cowej odb\u0119dzie si\u0119 w Sanktuarium Diecezjalnym Matki Bo\u017cej R\u00f3\u017ca\u0144cowej w Mrzyg\u0142odzie Pielgrzymka K\u00f3\u0142 R\u00f3\u017ca\u0144cowych z Archidiecezji Cz\u0119stochowskiej. Zapraszamy wszystkie Ko\u0142a R\u00f3\u017ca\u0144cowe razem ze swoimi Zelatoram i Moderatorami Parafialnymi.<\/p>\n\n\n\n<p>Program 07.10.2023 &#8211; Sanktuarium Mrzyg\u0142\u00f3d<\/p>\n\n\n\n<p> godz 10. 30 Powitanie Pielgrzym\u00f3w i Konferencja &#8222;R\u00f3\u017caniec si\u0142\u0105 i ratunkiem dla chorych i cierpi\u0105cych&#8221;<\/p>\n\n\n\n<p>godz. 11.00 Modlitwa R\u00f3\u017ca\u0144cowa z Procesj\u0105  &#8211; poprowadz\u0105 Ojcowie i bracia Paulini z Le\u015bniowa<\/p>\n\n\n\n<p>godz 12.00 Eucharystia w intencji K\u00f3\u0142 \u017bywego R\u00f3\u017ca\u0144ca i o rozw\u00f3j tego dzie\u0142a z Ojczy\u017cnie w Parafiach i rodzinach. <\/p>\n\n\n\n<p><\/p>\n\n\n\n<p><\/p>\n\n\n\n<ul class=\"wp-block-list\">\n<li>wr\u0119czenie Dyplom\u00f3w dla zg\u0142oszonych Parafii i dla z\u0142as\u0142u\u017conych cz\u0142onk\u00f3w \u017bywego R\u00f3\u017ca\u0144ca.<\/li>\n\n\n\n<li>Odpust jubileuszowy z okazji 650 lecia Parafii Mrzyg\u0142\u00f3d<\/li>\n\n\n\n<li>Posi\u0142ek &#8211; przysmaki Mrzyg\u0142odzkie<\/li>\n\n\n\n<li>Mo\u017cliwo\u015b\u0107 nabycia r\u00f3\u017cnych pami\u0105tek<\/li>\n<\/ul>\n","protected":false},"excerpt":{"rendered":"<p>W sobot\u0119 07 pa\u017adziernika w \u015awi\u0119to Matki Bo\u017cej R\u00f3\u017ca\u0144cowej odb\u0119dzie si\u0119 w Sanktuarium Diecezjalnym Matki Bo\u017cej R\u00f3\u017ca\u0144cowej w Mrzyg\u0142odzie Pielgrzymka K\u00f3\u0142 R\u00f3\u017ca\u0144cowych z Archidiecezji Cz\u0119stochowskiej. Zapraszamy wszystkie Ko\u0142a R\u00f3\u017ca\u0144cowe razem ze swoimi Zelatoram i Moderatorami Parafialnymi. Program 07.10.2023 &#8211; Sanktuarium Mrzyg\u0142\u00f3d godz 10. 30 Powitanie Pielgrzym\u00f3w i Konferencja &#8222;R\u00f3\u017caniec si\u0142\u0105 i ratunkiem dla chorych i [&hellip;]<\/p>\n","protected":false},"author":2,"featured_media":0,"comment_status":"closed","ping_status":"closed","sticky":false,"template":"","format":"standard","meta":{"_acf_changed":false,"footnotes":""},"categories":[9],"tags":[],"class_list":["post-3125","post","type-post","status-publish","format-standard","hentry","category-aktualnosci"],"acf":[],"yoast_head":"<!-- This site is optimized with the Yoast SEO plugin v26.3 - https:\/\/yoast.com\/wordpress\/plugins\/seo\/ -->\n<title>Pielgrzymka K\u00f3\u0142 \u017bywego R\u00f3\u017ca\u0144ca Archidiecezji Cz\u0119stochowskiej - Sanktuarium Matki Bo\u017cej Mrzyg\u0142odzkiej<\/title>\n<meta name=\"robots\" content=\"index, follow, max-snippet:-1, max-image-preview:large, max-video-preview:-1\" \/>\n<link rel=\"canonical\" href=\"http:\/\/sanktuariummrzyglod.pl\/?p=3125\" \/>\n<meta property=\"og:locale\" content=\"pl_PL\" \/>\n<meta property=\"og:type\" content=\"article\" \/>\n<meta property=\"og:title\" content=\"Pielgrzymka K\u00f3\u0142 \u017bywego R\u00f3\u017ca\u0144ca Archidiecezji Cz\u0119stochowskiej - Sanktuarium Matki Bo\u017cej Mrzyg\u0142odzkiej\" \/>\n<meta property=\"og:description\" content=\"W sobot\u0119 07 pa\u017adziernika w \u015awi\u0119to Matki Bo\u017cej R\u00f3\u017ca\u0144cowej odb\u0119dzie si\u0119 w Sanktuarium Diecezjalnym Matki Bo\u017cej R\u00f3\u017ca\u0144cowej w Mrzyg\u0142odzie Pielgrzymka K\u00f3\u0142 R\u00f3\u017ca\u0144cowych z Archidiecezji Cz\u0119stochowskiej. Zapraszamy wszystkie Ko\u0142a R\u00f3\u017ca\u0144cowe razem ze swoimi Zelatoram i Moderatorami Parafialnymi. Program 07.10.2023 &#8211; Sanktuarium Mrzyg\u0142\u00f3d godz 10. 30 Powitanie Pielgrzym\u00f3w i Konferencja &#8222;R\u00f3\u017caniec si\u0142\u0105 i ratunkiem dla chorych i [&hellip;]\" \/>\n<meta property=\"og:url\" content=\"http:\/\/sanktuariummrzyglod.pl\/?p=3125\" \/>\n<meta property=\"og:site_name\" content=\"Sanktuarium Matki Bo\u017cej Mrzyg\u0142odzkiej\" \/>\n<meta property=\"article:published_time\" content=\"2023-10-04T11:08:08+00:00\" \/>\n<meta property=\"article:modified_time\" content=\"2024-09-17T16:55:53+00:00\" \/>\n<meta name=\"author\" content=\"proboszcz\" \/>\n<meta name=\"twitter:card\" content=\"summary_large_image\" \/>\n<meta name=\"twitter:label1\" content=\"Napisane przez\" \/>\n\t<meta name=\"twitter:data1\" content=\"proboszcz\" \/>\n\t<meta name=\"twitter:label2\" content=\"Szacowany czas czytania\" \/>\n\t<meta name=\"twitter:data2\" content=\"1 minuta\" \/>\n<script type=\"application\/ld+json\" class=\"yoast-schema-graph\">{\"@context\":\"https:\/\/schema.org\",\"@graph\":[{\"@type\":\"WebPage\",\"@id\":\"http:\/\/sanktuariummrzyglod.pl\/?p=3125\",\"url\":\"http:\/\/sanktuariummrzyglod.pl\/?p=3125\",\"name\":\"Pielgrzymka K\u00f3\u0142 \u017bywego R\u00f3\u017ca\u0144ca Archidiecezji Cz\u0119stochowskiej - Sanktuarium Matki Bo\u017cej Mrzyg\u0142odzkiej\",\"isPartOf\":{\"@id\":\"http:\/\/sanktuariummrzyglod.pl\/#website\"},\"datePublished\":\"2023-10-04T11:08:08+00:00\",\"dateModified\":\"2024-09-17T16:55:53+00:00\",\"author\":{\"@id\":\"http:\/\/sanktuariummrzyglod.pl\/#\/schema\/person\/a6118573a4fdbae8370ed1ae8123a93f\"},\"breadcrumb\":{\"@id\":\"http:\/\/sanktuariummrzyglod.pl\/?p=3125#breadcrumb\"},\"inLanguage\":\"pl-PL\",\"potentialAction\":[{\"@type\":\"ReadAction\",\"target\":[\"http:\/\/sanktuariummrzyglod.pl\/?p=3125\"]}]},{\"@type\":\"BreadcrumbList\",\"@id\":\"http:\/\/sanktuariummrzyglod.pl\/?p=3125#breadcrumb\",\"itemListElement\":[{\"@type\":\"ListItem\",\"position\":1,\"name\":\"Strona g\u0142\u00f3wna\",\"item\":\"http:\/\/sanktuariummrzyglod.pl\/\"},{\"@type\":\"ListItem\",\"position\":2,\"name\":\"Pielgrzymka K\u00f3\u0142 \u017bywego R\u00f3\u017ca\u0144ca Archidiecezji Cz\u0119stochowskiej\"}]},{\"@type\":\"WebSite\",\"@id\":\"http:\/\/sanktuariummrzyglod.pl\/#website\",\"url\":\"http:\/\/sanktuariummrzyglod.pl\/\",\"name\":\"Sanktuarium Matki Bo\u017cej Mrzyg\u0142odzkiej\",\"description\":\"Kolejna witryna oparta na WordPressie\",\"potentialAction\":[{\"@type\":\"SearchAction\",\"target\":{\"@type\":\"EntryPoint\",\"urlTemplate\":\"http:\/\/sanktuariummrzyglod.pl\/?s={search_term_string}\"},\"query-input\":{\"@type\":\"PropertyValueSpecification\",\"valueRequired\":true,\"valueName\":\"search_term_string\"}}],\"inLanguage\":\"pl-PL\"},{\"@type\":\"Person\",\"@id\":\"http:\/\/sanktuariummrzyglod.pl\/#\/schema\/person\/a6118573a4fdbae8370ed1ae8123a93f\",\"name\":\"proboszcz\",\"image\":{\"@type\":\"ImageObject\",\"inLanguage\":\"pl-PL\",\"@id\":\"http:\/\/sanktuariummrzyglod.pl\/#\/schema\/person\/image\/\",\"url\":\"https:\/\/secure.gravatar.com\/avatar\/801b71fdf640cfbf93c8fbba38f449ffbd4a6039b2b8721dfa8829640ad8b262?s=96&d=mm&r=g\",\"contentUrl\":\"https:\/\/secure.gravatar.com\/avatar\/801b71fdf640cfbf93c8fbba38f449ffbd4a6039b2b8721dfa8829640ad8b262?s=96&d=mm&r=g\",\"caption\":\"proboszcz\"},\"url\":\"http:\/\/sanktuariummrzyglod.pl\/?author=2\"}]}<\/script>\n<!-- \/ Yoast SEO plugin. -->","yoast_head_json":{"title":"Pielgrzymka K\u00f3\u0142 \u017bywego R\u00f3\u017ca\u0144ca Archidiecezji Cz\u0119stochowskiej - Sanktuarium Matki Bo\u017cej Mrzyg\u0142odzkiej","robots":{"index":"index","follow":"follow","max-snippet":"max-snippet:-1","max-image-preview":"max-image-preview:large","max-video-preview":"max-video-preview:-1"},"canonical":"http:\/\/sanktuariummrzyglod.pl\/?p=3125","og_locale":"pl_PL","og_type":"article","og_title":"Pielgrzymka K\u00f3\u0142 \u017bywego R\u00f3\u017ca\u0144ca Archidiecezji Cz\u0119stochowskiej - Sanktuarium Matki Bo\u017cej Mrzyg\u0142odzkiej","og_description":"W sobot\u0119 07 pa\u017adziernika w \u015awi\u0119to Matki Bo\u017cej R\u00f3\u017ca\u0144cowej odb\u0119dzie si\u0119 w Sanktuarium Diecezjalnym Matki Bo\u017cej R\u00f3\u017ca\u0144cowej w Mrzyg\u0142odzie Pielgrzymka K\u00f3\u0142 R\u00f3\u017ca\u0144cowych z Archidiecezji Cz\u0119stochowskiej. Zapraszamy wszystkie Ko\u0142a R\u00f3\u017ca\u0144cowe razem ze swoimi Zelatoram i Moderatorami Parafialnymi. Program 07.10.2023 &#8211; Sanktuarium Mrzyg\u0142\u00f3d godz 10. 30 Powitanie Pielgrzym\u00f3w i Konferencja &#8222;R\u00f3\u017caniec si\u0142\u0105 i ratunkiem dla chorych i [&hellip;]","og_url":"http:\/\/sanktuariummrzyglod.pl\/?p=3125","og_site_name":"Sanktuarium Matki Bo\u017cej Mrzyg\u0142odzkiej","article_published_time":"2023-10-04T11:08:08+00:00","article_modified_time":"2024-09-17T16:55:53+00:00","author":"proboszcz","twitter_card":"summary_large_image","twitter_misc":{"Napisane przez":"proboszcz","Szacowany czas czytania":"1 minuta"},"schema":{"@context":"https:\/\/schema.org","@graph":[{"@type":"WebPage","@id":"http:\/\/sanktuariummrzyglod.pl\/?p=3125","url":"http:\/\/sanktuariummrzyglod.pl\/?p=3125","name":"Pielgrzymka K\u00f3\u0142 \u017bywego R\u00f3\u017ca\u0144ca Archidiecezji Cz\u0119stochowskiej - Sanktuarium Matki Bo\u017cej Mrzyg\u0142odzkiej","isPartOf":{"@id":"http:\/\/sanktuariummrzyglod.pl\/#website"},"datePublished":"2023-10-04T11:08:08+00:00","dateModified":"2024-09-17T16:55:53+00:00","author":{"@id":"http:\/\/sanktuariummrzyglod.pl\/#\/schema\/person\/a6118573a4fdbae8370ed1ae8123a93f"},"breadcrumb":{"@id":"http:\/\/sanktuariummrzyglod.pl\/?p=3125#breadcrumb"},"inLanguage":"pl-PL","potentialAction":[{"@type":"ReadAction","target":["http:\/\/sanktuariummrzyglod.pl\/?p=3125"]}]},{"@type":"BreadcrumbList","@id":"http:\/\/sanktuariummrzyglod.pl\/?p=3125#breadcrumb","itemListElement":[{"@type":"ListItem","position":1,"name":"Strona g\u0142\u00f3wna","item":"http:\/\/sanktuariummrzyglod.pl\/"},{"@type":"ListItem","position":2,"name":"Pielgrzymka K\u00f3\u0142 \u017bywego R\u00f3\u017ca\u0144ca Archidiecezji Cz\u0119stochowskiej"}]},{"@type":"WebSite","@id":"http:\/\/sanktuariummrzyglod.pl\/#website","url":"http:\/\/sanktuariummrzyglod.pl\/","name":"Sanktuarium Matki Bo\u017cej Mrzyg\u0142odzkiej","description":"Kolejna witryna oparta na WordPressie","potentialAction":[{"@type":"SearchAction","target":{"@type":"EntryPoint","urlTemplate":"http:\/\/sanktuariummrzyglod.pl\/?s={search_term_string}"},"query-input":{"@type":"PropertyValueSpecification","valueRequired":true,"valueName":"search_term_string"}}],"inLanguage":"pl-PL"},{"@type":"Person","@id":"http:\/\/sanktuariummrzyglod.pl\/#\/schema\/person\/a6118573a4fdbae8370ed1ae8123a93f","name":"proboszcz","image":{"@type":"ImageObject","inLanguage":"pl-PL","@id":"http:\/\/sanktuariummrzyglod.pl\/#\/schema\/person\/image\/","url":"https:\/\/secure.gravatar.com\/avatar\/801b71fdf640cfbf93c8fbba38f449ffbd4a6039b2b8721dfa8829640ad8b262?s=96&d=mm&r=g","contentUrl":"https:\/\/secure.gravatar.com\/avatar\/801b71fdf640cfbf93c8fbba38f449ffbd4a6039b2b8721dfa8829640ad8b262?s=96&d=mm&r=g","caption":"proboszcz"},"url":"http:\/\/sanktuariummrzyglod.pl\/?author=2"}]}},"_links":{"self":[{"href":"http:\/\/sanktuariummrzyglod.pl\/index.php?rest_route=\/wp\/v2\/posts\/3125","targetHints":{"allow":["GET"]}}],"collection":[{"href":"http:\/\/sanktuariummrzyglod.pl\/index.php?rest_route=\/wp\/v2\/posts"}],"about":[{"href":"http:\/\/sanktuariummrzyglod.pl\/index.php?rest_route=\/wp\/v2\/types\/post"}],"author":[{"embeddable":true,"href":"http:\/\/sanktuariummrzyglod.pl\/index.php?rest_route=\/wp\/v2\/users\/2"}],"replies":[{"embeddable":true,"href":"http:\/\/sanktuariummrzyglod.pl\/index.php?rest_route=%2Fwp%2Fv2%2Fcomments&post=3125"}],"version-history":[{"count":2,"href":"http:\/\/sanktuariummrzyglod.pl\/index.php?rest_route=\/wp\/v2\/posts\/3125\/revisions"}],"predecessor-version":[{"id":3128,"href":"http:\/\/sanktuariummrzyglod.pl\/index.php?rest_route=\/wp\/v2\/posts\/3125\/revisions\/3128"}],"wp:attachment":[{"href":"http:\/\/sanktuariummrzyglod.pl\/index.php?rest_route=%2Fwp%2Fv2%2Fmedia&parent=3125"}],"wp:term":[{"taxonomy":"category","embeddable":true,"href":"http:\/\/sanktuariummrzyglod.pl\/index.php?rest_route=%2Fwp%2Fv2%2Fcategories&post=3125"},{"taxonomy":"post_tag","embeddable":true,"href":"http:\/\/sanktuariummrzyglod.pl\/index.php?rest_route=%2Fwp%2Fv2%2Ftags&post=3125"}],"curies":[{"name":"wp","href":"https:\/\/api.w.org\/{rel}","templated":true}]}}