{"id":3832,"date":"2025-12-24T22:36:08","date_gmt":"2025-12-24T21:36:08","guid":{"rendered":"http:\/\/sanktuariummrzyglod.pl\/?p=3832"},"modified":"2025-12-26T23:18:06","modified_gmt":"2025-12-26T22:18:06","slug":"koleda-wizyta-duszpasterska-w-domach","status":"publish","type":"post","link":"http:\/\/sanktuariummrzyglod.pl\/?p=3832","title":{"rendered":"Kol\u0119da &#8211; Wizyta duszpasterska w domach"},"content":{"rendered":"\n<p>W tym roku tradycyjnie kap\u0142an wraz z ministrantami nawiedza nasze domy w wyznaczony dzie\u0144. Postarajmy si\u0119 w tym&nbsp; czasie by\u0107 w naszych domach na wsp\u00f3lnej modlitwie i spotkaniu. Rodziny kt\u00f3re choruj\u0105&nbsp; w dniu kol\u0119dy lub z innych powod\u00f3w nie mog\u0105ce przyj\u0105\u0107 kap\u0142ana z b\u0142ogos\u0142awie\u0144stwem w domu zg\u0142aszaj\u0105 w ko\u015bciele, kancelarii lub telefonicznie pod nr 608450004 lub mailowo: <a href=\"mailto:jacyk@go2.pl\">jacyk@go2.pl<\/a> ch\u0119\u0107 kol\u0119dy w dogodnym czasie. Kol\u0119d\u0119 rozpoczynamy o godz. 8.15. Przygotowujemy na stole nakrytym bia\u0142ym obrusem, krzy\u017c, \u015bwiec\u0119, wod\u0119 \u015bwi\u0119con\u0105, Pismo \u015awi\u0119te, dzieci i m\u0142odzie\u017c zeszyty do religii oraz dzienniczki i indeksy niedzielnej eucharystii i ksi\u0105\u017ceczki Roratnie.<\/p>\n\n\n\n<p>5. Proponowany Plan Kol\u0119dy wydrukowany&nbsp; jest i zamieszczony w Gablocie og\u0142osze\u0144,&nbsp; a tak\u017ce w naszej Gazetce Kol\u0119dowej. Plan kol\u0119dy z wa\u017cnych powod\u00f3w mo\u017ce ulec zmianie, ale na bie\u017c\u0105co b\u0119dzie podawany na og\u0142oszeniach parafialnych w ko\u015bciele. KOL\u0118DA W TYM TYGODNIU <strong>od 8.15 <\/strong>:<\/p>\n\n\n\n<p><strong>W sobot\u0119 27.XII kol\u0119da 1) Nierada od strony Zawiercia i&nbsp; 2) Nierada od strony Koronacyjnej<\/strong><\/p>\n\n\n\n<p><strong>29.XII w poniedzia\u0142ek: 1) Towarowa i Koronacyjna&nbsp; 2) kap\u0142an Gruchla i ks. Skrzeka.<\/strong><\/p>\n\n\n\n<p><strong>30.XII wtorek \u2013 1) Sikorka&nbsp; &nbsp;&nbsp;&nbsp;&nbsp;&nbsp; 2) Palmowa, Gospodarcza, Galenowa i Kwarcowa <\/strong>&nbsp;&nbsp;<\/p>\n\n\n\n<p><strong>31.XII \u015broda&nbsp; &#8211; 1) Siewierska od ko\u0144ca do wiaduktu nr nieparzyste,Pogodna, Cegielniana i Dolna 2) Siewierska od ko\u0144ca nr parzyste. <\/strong>Pozosta\u0142\u0105 kol\u0119d\u0119 mo\u017cna sobie sprawdzi\u0107 na tablicy og\u0142osze\u0144 czy na stronie internetowej.<\/p>\n","protected":false},"excerpt":{"rendered":"<p>W tym roku tradycyjnie kap\u0142an wraz z ministrantami nawiedza nasze domy w wyznaczony dzie\u0144. Postarajmy si\u0119 w tym&nbsp; czasie by\u0107 w naszych domach na wsp\u00f3lnej modlitwie i spotkaniu. Rodziny kt\u00f3re choruj\u0105&nbsp; w dniu kol\u0119dy lub z innych powod\u00f3w nie mog\u0105ce przyj\u0105\u0107 kap\u0142ana z b\u0142ogos\u0142awie\u0144stwem w domu zg\u0142aszaj\u0105 w ko\u015bciele, kancelarii lub telefonicznie pod nr 608450004 [&hellip;]<\/p>\n","protected":false},"author":2,"featured_media":0,"comment_status":"open","ping_status":"open","sticky":false,"template":"","format":"standard","meta":{"_acf_changed":false,"footnotes":""},"categories":[9,8],"tags":[],"class_list":["post-3832","post","type-post","status-publish","format-standard","hentry","category-aktualnosci","category-wydarzenia"],"acf":[],"yoast_head":"<!-- This site is optimized with the Yoast SEO plugin v26.3 - https:\/\/yoast.com\/wordpress\/plugins\/seo\/ -->\n<title>Kol\u0119da - Wizyta duszpasterska w domach - Sanktuarium Matki Bo\u017cej Mrzyg\u0142odzkiej<\/title>\n<meta name=\"robots\" content=\"index, follow, max-snippet:-1, max-image-preview:large, max-video-preview:-1\" \/>\n<link rel=\"canonical\" href=\"https:\/\/sanktuariummrzyglod.pl\/?p=3832\" \/>\n<meta property=\"og:locale\" content=\"pl_PL\" \/>\n<meta property=\"og:type\" content=\"article\" \/>\n<meta property=\"og:title\" content=\"Kol\u0119da - Wizyta duszpasterska w domach - Sanktuarium Matki Bo\u017cej Mrzyg\u0142odzkiej\" \/>\n<meta property=\"og:description\" content=\"W tym roku tradycyjnie kap\u0142an wraz z ministrantami nawiedza nasze domy w wyznaczony dzie\u0144. Postarajmy si\u0119 w tym&nbsp; czasie by\u0107 w naszych domach na wsp\u00f3lnej modlitwie i spotkaniu. Rodziny kt\u00f3re choruj\u0105&nbsp; w dniu kol\u0119dy lub z innych powod\u00f3w nie mog\u0105ce przyj\u0105\u0107 kap\u0142ana z b\u0142ogos\u0142awie\u0144stwem w domu zg\u0142aszaj\u0105 w ko\u015bciele, kancelarii lub telefonicznie pod nr 608450004 [&hellip;]\" \/>\n<meta property=\"og:url\" content=\"https:\/\/sanktuariummrzyglod.pl\/?p=3832\" \/>\n<meta property=\"og:site_name\" content=\"Sanktuarium Matki Bo\u017cej Mrzyg\u0142odzkiej\" \/>\n<meta property=\"article:published_time\" content=\"2025-12-24T21:36:08+00:00\" \/>\n<meta property=\"article:modified_time\" content=\"2025-12-26T22:18:06+00:00\" \/>\n<meta name=\"author\" content=\"proboszcz\" \/>\n<meta name=\"twitter:card\" content=\"summary_large_image\" \/>\n<meta name=\"twitter:label1\" content=\"Napisane przez\" \/>\n\t<meta name=\"twitter:data1\" content=\"proboszcz\" \/>\n\t<meta name=\"twitter:label2\" content=\"Szacowany czas czytania\" \/>\n\t<meta name=\"twitter:data2\" content=\"2 minuty\" \/>\n<script type=\"application\/ld+json\" class=\"yoast-schema-graph\">{\"@context\":\"https:\/\/schema.org\",\"@graph\":[{\"@type\":\"WebPage\",\"@id\":\"https:\/\/sanktuariummrzyglod.pl\/?p=3832\",\"url\":\"https:\/\/sanktuariummrzyglod.pl\/?p=3832\",\"name\":\"Kol\u0119da - Wizyta duszpasterska w domach - Sanktuarium Matki Bo\u017cej Mrzyg\u0142odzkiej\",\"isPartOf\":{\"@id\":\"http:\/\/sanktuariummrzyglod.pl\/#website\"},\"datePublished\":\"2025-12-24T21:36:08+00:00\",\"dateModified\":\"2025-12-26T22:18:06+00:00\",\"author\":{\"@id\":\"http:\/\/sanktuariummrzyglod.pl\/#\/schema\/person\/a6118573a4fdbae8370ed1ae8123a93f\"},\"breadcrumb\":{\"@id\":\"https:\/\/sanktuariummrzyglod.pl\/?p=3832#breadcrumb\"},\"inLanguage\":\"pl-PL\",\"potentialAction\":[{\"@type\":\"ReadAction\",\"target\":[\"https:\/\/sanktuariummrzyglod.pl\/?p=3832\"]}]},{\"@type\":\"BreadcrumbList\",\"@id\":\"https:\/\/sanktuariummrzyglod.pl\/?p=3832#breadcrumb\",\"itemListElement\":[{\"@type\":\"ListItem\",\"position\":1,\"name\":\"Strona g\u0142\u00f3wna\",\"item\":\"http:\/\/sanktuariummrzyglod.pl\/\"},{\"@type\":\"ListItem\",\"position\":2,\"name\":\"Kol\u0119da &#8211; Wizyta duszpasterska w domach\"}]},{\"@type\":\"WebSite\",\"@id\":\"http:\/\/sanktuariummrzyglod.pl\/#website\",\"url\":\"http:\/\/sanktuariummrzyglod.pl\/\",\"name\":\"Sanktuarium Matki Bo\u017cej Mrzyg\u0142odzkiej\",\"description\":\"Kolejna witryna oparta na WordPressie\",\"potentialAction\":[{\"@type\":\"SearchAction\",\"target\":{\"@type\":\"EntryPoint\",\"urlTemplate\":\"http:\/\/sanktuariummrzyglod.pl\/?s={search_term_string}\"},\"query-input\":{\"@type\":\"PropertyValueSpecification\",\"valueRequired\":true,\"valueName\":\"search_term_string\"}}],\"inLanguage\":\"pl-PL\"},{\"@type\":\"Person\",\"@id\":\"http:\/\/sanktuariummrzyglod.pl\/#\/schema\/person\/a6118573a4fdbae8370ed1ae8123a93f\",\"name\":\"proboszcz\",\"image\":{\"@type\":\"ImageObject\",\"inLanguage\":\"pl-PL\",\"@id\":\"http:\/\/sanktuariummrzyglod.pl\/#\/schema\/person\/image\/\",\"url\":\"https:\/\/secure.gravatar.com\/avatar\/801b71fdf640cfbf93c8fbba38f449ffbd4a6039b2b8721dfa8829640ad8b262?s=96&d=mm&r=g\",\"contentUrl\":\"https:\/\/secure.gravatar.com\/avatar\/801b71fdf640cfbf93c8fbba38f449ffbd4a6039b2b8721dfa8829640ad8b262?s=96&d=mm&r=g\",\"caption\":\"proboszcz\"},\"url\":\"http:\/\/sanktuariummrzyglod.pl\/?author=2\"}]}<\/script>\n<!-- \/ Yoast SEO plugin. -->","yoast_head_json":{"title":"Kol\u0119da - Wizyta duszpasterska w domach - Sanktuarium Matki Bo\u017cej Mrzyg\u0142odzkiej","robots":{"index":"index","follow":"follow","max-snippet":"max-snippet:-1","max-image-preview":"max-image-preview:large","max-video-preview":"max-video-preview:-1"},"canonical":"https:\/\/sanktuariummrzyglod.pl\/?p=3832","og_locale":"pl_PL","og_type":"article","og_title":"Kol\u0119da - Wizyta duszpasterska w domach - Sanktuarium Matki Bo\u017cej Mrzyg\u0142odzkiej","og_description":"W tym roku tradycyjnie kap\u0142an wraz z ministrantami nawiedza nasze domy w wyznaczony dzie\u0144. Postarajmy si\u0119 w tym&nbsp; czasie by\u0107 w naszych domach na wsp\u00f3lnej modlitwie i spotkaniu. Rodziny kt\u00f3re choruj\u0105&nbsp; w dniu kol\u0119dy lub z innych powod\u00f3w nie mog\u0105ce przyj\u0105\u0107 kap\u0142ana z b\u0142ogos\u0142awie\u0144stwem w domu zg\u0142aszaj\u0105 w ko\u015bciele, kancelarii lub telefonicznie pod nr 608450004 [&hellip;]","og_url":"https:\/\/sanktuariummrzyglod.pl\/?p=3832","og_site_name":"Sanktuarium Matki Bo\u017cej Mrzyg\u0142odzkiej","article_published_time":"2025-12-24T21:36:08+00:00","article_modified_time":"2025-12-26T22:18:06+00:00","author":"proboszcz","twitter_card":"summary_large_image","twitter_misc":{"Napisane przez":"proboszcz","Szacowany czas czytania":"2 minuty"},"schema":{"@context":"https:\/\/schema.org","@graph":[{"@type":"WebPage","@id":"https:\/\/sanktuariummrzyglod.pl\/?p=3832","url":"https:\/\/sanktuariummrzyglod.pl\/?p=3832","name":"Kol\u0119da - Wizyta duszpasterska w domach - Sanktuarium Matki Bo\u017cej Mrzyg\u0142odzkiej","isPartOf":{"@id":"http:\/\/sanktuariummrzyglod.pl\/#website"},"datePublished":"2025-12-24T21:36:08+00:00","dateModified":"2025-12-26T22:18:06+00:00","author":{"@id":"http:\/\/sanktuariummrzyglod.pl\/#\/schema\/person\/a6118573a4fdbae8370ed1ae8123a93f"},"breadcrumb":{"@id":"https:\/\/sanktuariummrzyglod.pl\/?p=3832#breadcrumb"},"inLanguage":"pl-PL","potentialAction":[{"@type":"ReadAction","target":["https:\/\/sanktuariummrzyglod.pl\/?p=3832"]}]},{"@type":"BreadcrumbList","@id":"https:\/\/sanktuariummrzyglod.pl\/?p=3832#breadcrumb","itemListElement":[{"@type":"ListItem","position":1,"name":"Strona g\u0142\u00f3wna","item":"http:\/\/sanktuariummrzyglod.pl\/"},{"@type":"ListItem","position":2,"name":"Kol\u0119da &#8211; Wizyta duszpasterska w domach"}]},{"@type":"WebSite","@id":"http:\/\/sanktuariummrzyglod.pl\/#website","url":"http:\/\/sanktuariummrzyglod.pl\/","name":"Sanktuarium Matki Bo\u017cej Mrzyg\u0142odzkiej","description":"Kolejna witryna oparta na WordPressie","potentialAction":[{"@type":"SearchAction","target":{"@type":"EntryPoint","urlTemplate":"http:\/\/sanktuariummrzyglod.pl\/?s={search_term_string}"},"query-input":{"@type":"PropertyValueSpecification","valueRequired":true,"valueName":"search_term_string"}}],"inLanguage":"pl-PL"},{"@type":"Person","@id":"http:\/\/sanktuariummrzyglod.pl\/#\/schema\/person\/a6118573a4fdbae8370ed1ae8123a93f","name":"proboszcz","image":{"@type":"ImageObject","inLanguage":"pl-PL","@id":"http:\/\/sanktuariummrzyglod.pl\/#\/schema\/person\/image\/","url":"https:\/\/secure.gravatar.com\/avatar\/801b71fdf640cfbf93c8fbba38f449ffbd4a6039b2b8721dfa8829640ad8b262?s=96&d=mm&r=g","contentUrl":"https:\/\/secure.gravatar.com\/avatar\/801b71fdf640cfbf93c8fbba38f449ffbd4a6039b2b8721dfa8829640ad8b262?s=96&d=mm&r=g","caption":"proboszcz"},"url":"http:\/\/sanktuariummrzyglod.pl\/?author=2"}]}},"_links":{"self":[{"href":"http:\/\/sanktuariummrzyglod.pl\/index.php?rest_route=\/wp\/v2\/posts\/3832","targetHints":{"allow":["GET"]}}],"collection":[{"href":"http:\/\/sanktuariummrzyglod.pl\/index.php?rest_route=\/wp\/v2\/posts"}],"about":[{"href":"http:\/\/sanktuariummrzyglod.pl\/index.php?rest_route=\/wp\/v2\/types\/post"}],"author":[{"embeddable":true,"href":"http:\/\/sanktuariummrzyglod.pl\/index.php?rest_route=\/wp\/v2\/users\/2"}],"replies":[{"embeddable":true,"href":"http:\/\/sanktuariummrzyglod.pl\/index.php?rest_route=%2Fwp%2Fv2%2Fcomments&post=3832"}],"version-history":[{"count":2,"href":"http:\/\/sanktuariummrzyglod.pl\/index.php?rest_route=\/wp\/v2\/posts\/3832\/revisions"}],"predecessor-version":[{"id":3838,"href":"http:\/\/sanktuariummrzyglod.pl\/index.php?rest_route=\/wp\/v2\/posts\/3832\/revisions\/3838"}],"wp:attachment":[{"href":"http:\/\/sanktuariummrzyglod.pl\/index.php?rest_route=%2Fwp%2Fv2%2Fmedia&parent=3832"}],"wp:term":[{"taxonomy":"category","embeddable":true,"href":"http:\/\/sanktuariummrzyglod.pl\/index.php?rest_route=%2Fwp%2Fv2%2Fcategories&post=3832"},{"taxonomy":"post_tag","embeddable":true,"href":"http:\/\/sanktuariummrzyglod.pl\/index.php?rest_route=%2Fwp%2Fv2%2Ftags&post=3832"}],"curies":[{"name":"wp","href":"https:\/\/api.w.org\/{rel}","templated":true}]}}