{"id":3925,"date":"2026-04-05T10:18:16","date_gmt":"2026-04-05T08:18:16","guid":{"rendered":"http:\/\/sanktuariummrzyglod.pl\/?p=3925"},"modified":"2026-04-08T10:22:56","modified_gmt":"2026-04-08T08:22:56","slug":"05-12-04-2026","status":"publish","type":"post","link":"http:\/\/sanktuariummrzyglod.pl\/?p=3925","title":{"rendered":"05-12.04.2026"},"content":{"rendered":"\n<figure class=\"wp-block-table\"><table class=\"has-fixed-layout\"><tbody><tr><td><strong>&nbsp;<\/strong><\/td><td><strong>&nbsp;NIEDZIELA ZMARTWYCHWSTANIA PA\u0143SKIEGO \u2013 05.04<\/strong><\/td><\/tr><tr><td><strong>6.00<\/strong> <strong>8.00<\/strong><\/td><td><strong>Rezurekcja. Za parafian<\/strong> <strong>+ Mieczys\u0142aw Jurek w r.\u015bm. \u2013 od \u017cony<\/strong><\/td><\/tr><tr><td><strong>9.30<\/strong><\/td><td><strong>+ Marian Karcz w r.\u015bm.<\/strong> <strong>Chrzst: Ignacy Lucjan Wo\u017aniczka<\/strong><\/td><\/tr><tr><td><strong>11.30<\/strong><\/td><td><strong>+ Waldemar Rak w r.\u015bm.<\/strong><\/td><\/tr><tr><td><strong>16.00<\/strong><\/td><td><strong>+ J\u00f3zef Latusek \u2013 od Marzeny i Romana Kuras z rodz.<\/strong><\/td><\/tr><tr><td colspan=\"2\"><strong>&nbsp;<\/strong> <strong>PONIEDZIA\u0141EK Wielkanocny \u2013 06.04<\/strong><strong><\/strong><\/td><\/tr><tr><td><strong>8.00<\/strong><br><strong>9.30<\/strong> <br><strong>11.30<\/strong> <\/td><td><strong>+ Maria Bia\u0142a \u2013 od rodz. Rusek \u00a0<\/strong> <br><strong>+ Edward Dziechciarz Tadeusz Pucek<\/strong> <br><strong>+ Janina Rok \u2013 od c\u00f3rki Gra\u017cyny i od prawnuczki Izabeli<\/strong> <\/td><\/tr><tr><td><strong>\u00a016.00<\/strong><\/td><td><strong>\u00a0+ Henryk Firkowski \u2013 od Lidii W\u0119grzyn z rodz.<\/strong><\/td><\/tr><tr><td colspan=\"2\"><strong>WTOREK \u2013 07.04<\/strong><\/td><\/tr><tr><td><strong>6.30<\/strong> <\/td><td><strong>+ Henryk Firkowski \u2013 od Krzysztofa z rodz. Mosk\u00f3w<\/strong> <\/td><\/tr><tr><td><strong>\u00a017.30<\/strong><\/td><td><strong>\u00a0+ Maria Bia\u0142a \u2013 od brata J\u00f3zefa z Adamem i Joann\u0105 Picheta<\/strong><\/td><\/tr><tr><td colspan=\"2\"><strong>\u015aRODA \u2013 08.04<\/strong><\/td><\/tr><tr><td><strong>6.30<\/strong> <\/td><td><strong>+ Henryk Firkowski \u2013 od Daniela i El\u017cbiety Bednark\u00f3w z rodz.<\/strong> <\/td><\/tr><tr><td><strong>\u00a017.30<\/strong><\/td><td><strong>\u00a0Nowenna do Matki Bo\u017cej<\/strong><\/td><\/tr><tr><td colspan=\"2\"><strong>CZWARTEK \u2013 09.04<\/strong><\/td><\/tr><tr><td><strong>6.30<\/strong><\/td><td><strong>+ Henryk Firkowski \u2013 od rodz. Picheta<\/strong><\/td><\/tr><tr><td><strong>17.30<\/strong><\/td><td><strong>1)+ Jerzy Raczek \u2013 od wnuczki Marleny z m\u0119\u017cem i synem<\/strong> <br><strong>2) Dzi\u0119kczynna z pro\u015bb\u0105 o zdrowie i b\u0142. Bo\u017ce oraz opiek\u0119 Matki Bo\u017cej Mrzyg\u0142odzkiej dla Beaty Kondas w 60 r.ur.<\/strong> \u00a0<\/td><\/tr><tr><td colspan=\"2\"><strong>PI\u0104TEK \u2013 10.04<\/strong><\/td><\/tr><tr><td><strong>6.30<\/strong><\/td><td><strong>+ Henryk Firkowski \u2013 Teresy Kowalskiej i Krzysztofa Skorka<\/strong><\/td><\/tr><tr><td><strong>17.30<\/strong><\/td><td><strong>+ Jadwiga St\u0119pnik \u2013 od siostrze\u0144c\u00f3w Dariusza i Lidii<\/strong> <strong>&nbsp;<\/strong><\/td><\/tr><tr><td colspan=\"2\"><strong>SOBOTA \u2013 11.04<\/strong><\/td><\/tr><tr><td><strong>6.30<\/strong> <br><br><br><strong>14.00<\/strong> <strong>\u00a0<\/strong> <\/td><td><strong>+ Maria Bia\u0142a \u2013 od syna Stanis\u0142awa z rodz.<\/strong> <br><br><strong>O zrowie i Bo\u017ce b\u0142ogosl. Oraz Dary Ducha \u015bwi\u0119tego i opiek\u0119 Matki Bo\u017cej dla Oliwii Fidura 18 r.ur.<\/strong> <\/td><\/tr><tr><td>\u00a0<strong>16.30<\/strong><\/td><td><strong>\u00a0+ J\u00f3zef Latusek \u2013 od rodz. Dorobisz\u00f3w<\/strong><\/td><\/tr><tr><td><strong>&nbsp;<\/strong><\/td><td><strong>NIEDZIELA MI\u0141OSIERDZIA\u2013 12.04<\/strong><\/td><\/tr><tr><td><strong>8.00<\/strong><\/td><td><strong>+ Marta Rusek w 12 r.\u015bm.<\/strong><\/td><\/tr><tr><td><strong>9.30<\/strong><\/td><td><strong>+ <a>Zofia Mieczys\u0142aw Pasek<\/a><\/strong><\/td><\/tr><tr><td><strong>11.30<\/strong> <strong>\u00a0<\/strong> <\/td><td><strong>+ Maria Hyla 6 r.\u015bm.<\/strong> <br><br><strong>Chrzest: Liliana Zofia S\u0119tkowska<\/strong> <\/td><\/tr><tr><td><strong>15.00<\/strong><br><br><strong>16.00<\/strong> <strong>\u00a0<\/strong><\/td><td><strong>GODZINA MI\u0141OSIERDZIA \u2013 Czuwanie Rycerzy Jana Paw\u0142a II<\/strong><br><br><strong>1) O zdrowie i b\u0142ogos\u0142awie\u0144stwo Bo\u017ce, oraz potrzebne \u0142aski\u00a0 dla<\/strong> <strong>Daniel Motylewski 4 rocznicy urodzin<\/strong> <br><strong>2) Intencji Wsp\u00f3lnoty Mi\u0142osierdzia<\/strong><\/td><\/tr><\/tbody><\/table><\/figure>\n\n\n\n<p><strong>17:30 NOWENNA DO MATKI BO\u017bEJ MRZYG\u0141ODZKIEJ<\/strong><\/p>\n\n\n\n<p><strong>O odnowienie mi\u0142o\u015bci w naszych rodzinach<\/strong><\/p>\n\n\n\n<p><strong>O pok\u00f3j na \u015bwiecie, w Ziemi \u015awi\u0119tej i Ukrainie<\/strong><\/p>\n\n\n\n<p><strong>O pok\u00f3j w rodzinach i w naszej Ojczy\u017anie<\/strong><\/p>\n\n\n\n<p><strong>W pewnej intencji<\/strong><\/p>\n\n\n\n<p><strong>Dzi\u0119kczynna za bezpieczne prace przy wycince drzew przy ko\u015bciele<\/strong><\/p>\n\n\n\n<p><strong>W intencji ofiarodawc\u00f3w i darczy\u0144c\u00f3w naszej parafii<\/strong><\/p>\n\n\n\n<p><strong>O powo\u0142ania kap\u0142a\u0144skie, zakonne i misyjne z naszej parafii<\/strong><\/p>\n\n\n\n<p><strong>O zdrowie Bo\u017ce b\u0142. dla Beaty z r. ur.<\/strong><\/p>\n\n\n\n<p><strong>+W intencji zmar\u0142ych kap\u0142an\u00f3w pracuj\u0105cych w&nbsp;naszej parafii<\/strong><\/p>\n\n\n\n<p><strong>+ Zofia, Stefan, Piotr Stanis\u0142awa i Franciszek Gancarek, Anna Stefan<\/strong><\/p>\n\n\n\n<p><strong>Tadeusz Maria Szymczy\u0144scy, Wac\u0142aw Piekielski, Jan i Tomasz Kuc<\/strong><\/p>\n\n\n\n<p><strong>+ Ryszard Rutkowski \u2013 od Wac\u0142awy Noczy\u0144skiej i Jadwigi Pucek z rodz.<\/strong><\/p>\n\n\n\n<p><strong>+ Mariola Zmarzlik \u2013 od Barbary Bu\u0142a z rodz.<\/strong><\/p>\n\n\n\n<p><strong>+ Henryk Mr\u00f3z \u2013 od Danuty Malczewskiej i Anny Bulskiej<\/strong><\/p>\n\n\n\n<p><strong>+ Leszek Karolczyk \u2013 od Gra\u017cyny i Janusza Korczak<\/strong><\/p>\n\n\n\n<p><strong>+ Marian Bulski \u2013 od Heleny Le\u015bniak Magdaleny i Tomasza Pucek<\/strong><\/p>\n\n\n\n<p><strong>+ Helena Labocha \u2013 od Jadwigi z Andrychowa z rodz.<\/strong><\/p>\n\n\n\n<p><strong>+ Kazimierz Krzy\u015bpsiak \u2013 od Marianny Sus<\/strong><\/p>\n\n\n\n<p><strong>+ J\u00f3zef Latusek \u2013 od s\u0105s. Ziernickich i Mr\u00f3wka<\/strong><\/p>\n\n\n\n<p><strong>+ Barbara Bor\u00f3wka \u2013 od pracownik\u00f3w firmy Trafta z Myszkowa<\/strong><\/p>\n\n\n\n<p><strong>+ Jadwiga St\u0119pnik \u2013 od najbli\u017cszych (8)<\/strong><\/p>\n\n\n\n<p><strong>+ Anna Lenart \u2013 od s\u0105s. Witk\u00f3w, Duszczyk\u00f3w i Szafrug\u00f3w<\/strong><\/p>\n\n\n\n<p><strong>+ Jerzy Orman \u2013 od Jerzego i Halinki Bilnik z rodz.<\/strong><\/p>\n\n\n\n<p><strong>+ Jerzy Raczek \u2013 od Krystyny Kitali<\/strong><\/p>\n\n\n\n<p><strong>+ Zofia Mi\u015bta \u2013 od ZP Lilia<\/strong><\/p>\n\n\n\n<p><strong>+ Henryk \u0106wi\u0119kowski \u2013 od Anny i W\u0142odzimierza Mukamie\u0142ow<\/strong><\/p>\n\n\n\n<p><strong>+ Stanis\u0142awa Bor\u00f3wka \u2013 od ZP Lilia<\/strong><\/p>\n\n\n\n<p><strong>+ Halina Pa\u0142ucha \u2013 od Alicji i Mariana Jurek z rodz.<\/strong><\/p>\n\n\n\n<p><strong>+ Zenon Karp \u2013 od Zofii Gajewskiej<\/strong><\/p>\n\n\n\n<p><strong>+ Pawe\u0142 i J\u00f3zef Swarczy\u0144scy<\/strong><\/p>\n\n\n\n<p><\/p>\n","protected":false},"excerpt":{"rendered":"<p>&nbsp; &nbsp;NIEDZIELA ZMARTWYCHWSTANIA PA\u0143SKIEGO \u2013 05.04 6.00 8.00 Rezurekcja. Za parafian + Mieczys\u0142aw Jurek w r.\u015bm. \u2013 od \u017cony 9.30 + Marian Karcz w r.\u015bm. Chrzst: Ignacy Lucjan Wo\u017aniczka 11.30 + Waldemar Rak w r.\u015bm. 16.00 + J\u00f3zef Latusek \u2013 od Marzeny i Romana Kuras z rodz. &nbsp; PONIEDZIA\u0141EK Wielkanocny \u2013 06.04 8.009.30 11.30 + [&hellip;]<\/p>\n","protected":false},"author":2,"featured_media":0,"comment_status":"open","ping_status":"open","sticky":false,"template":"","format":"standard","meta":{"_acf_changed":false,"footnotes":""},"categories":[12],"tags":[],"class_list":["post-3925","post","type-post","status-publish","format-standard","hentry","category-intencje-mszalne"],"acf":[],"yoast_head":"<!-- This site is optimized with the Yoast SEO plugin v26.3 - https:\/\/yoast.com\/wordpress\/plugins\/seo\/ -->\n<title>05-12.04.2026 - Sanktuarium Matki Bo\u017cej Mrzyg\u0142odzkiej<\/title>\n<meta name=\"robots\" content=\"index, follow, max-snippet:-1, max-image-preview:large, max-video-preview:-1\" \/>\n<link rel=\"canonical\" href=\"https:\/\/sanktuariummrzyglod.pl\/?p=3925\" \/>\n<meta property=\"og:locale\" content=\"pl_PL\" \/>\n<meta property=\"og:type\" content=\"article\" \/>\n<meta property=\"og:title\" content=\"05-12.04.2026 - Sanktuarium Matki Bo\u017cej Mrzyg\u0142odzkiej\" \/>\n<meta property=\"og:description\" content=\"&nbsp; &nbsp;NIEDZIELA ZMARTWYCHWSTANIA PA\u0143SKIEGO \u2013 05.04 6.00 8.00 Rezurekcja. Za parafian + Mieczys\u0142aw Jurek w r.\u015bm. \u2013 od \u017cony 9.30 + Marian Karcz w r.\u015bm. Chrzst: Ignacy Lucjan Wo\u017aniczka 11.30 + Waldemar Rak w r.\u015bm. 16.00 + J\u00f3zef Latusek \u2013 od Marzeny i Romana Kuras z rodz. &nbsp; PONIEDZIA\u0141EK Wielkanocny \u2013 06.04 8.009.30 11.30 + [&hellip;]\" \/>\n<meta property=\"og:url\" content=\"https:\/\/sanktuariummrzyglod.pl\/?p=3925\" \/>\n<meta property=\"og:site_name\" content=\"Sanktuarium Matki Bo\u017cej Mrzyg\u0142odzkiej\" \/>\n<meta property=\"article:published_time\" content=\"2026-04-05T08:18:16+00:00\" \/>\n<meta property=\"article:modified_time\" content=\"2026-04-08T08:22:56+00:00\" \/>\n<meta name=\"author\" content=\"proboszcz\" \/>\n<meta name=\"twitter:card\" content=\"summary_large_image\" \/>\n<meta name=\"twitter:label1\" content=\"Napisane przez\" \/>\n\t<meta name=\"twitter:data1\" content=\"proboszcz\" \/>\n\t<meta name=\"twitter:label2\" content=\"Szacowany czas czytania\" \/>\n\t<meta name=\"twitter:data2\" content=\"3 minuty\" \/>\n<script type=\"application\/ld+json\" class=\"yoast-schema-graph\">{\"@context\":\"https:\/\/schema.org\",\"@graph\":[{\"@type\":\"WebPage\",\"@id\":\"https:\/\/sanktuariummrzyglod.pl\/?p=3925\",\"url\":\"https:\/\/sanktuariummrzyglod.pl\/?p=3925\",\"name\":\"05-12.04.2026 - Sanktuarium Matki Bo\u017cej Mrzyg\u0142odzkiej\",\"isPartOf\":{\"@id\":\"https:\/\/sanktuariummrzyglod.pl\/#website\"},\"datePublished\":\"2026-04-05T08:18:16+00:00\",\"dateModified\":\"2026-04-08T08:22:56+00:00\",\"author\":{\"@id\":\"https:\/\/sanktuariummrzyglod.pl\/#\/schema\/person\/a6118573a4fdbae8370ed1ae8123a93f\"},\"breadcrumb\":{\"@id\":\"https:\/\/sanktuariummrzyglod.pl\/?p=3925#breadcrumb\"},\"inLanguage\":\"pl-PL\",\"potentialAction\":[{\"@type\":\"ReadAction\",\"target\":[\"https:\/\/sanktuariummrzyglod.pl\/?p=3925\"]}]},{\"@type\":\"BreadcrumbList\",\"@id\":\"https:\/\/sanktuariummrzyglod.pl\/?p=3925#breadcrumb\",\"itemListElement\":[{\"@type\":\"ListItem\",\"position\":1,\"name\":\"Strona g\u0142\u00f3wna\",\"item\":\"https:\/\/sanktuariummrzyglod.pl\/\"},{\"@type\":\"ListItem\",\"position\":2,\"name\":\"05-12.04.2026\"}]},{\"@type\":\"WebSite\",\"@id\":\"https:\/\/sanktuariummrzyglod.pl\/#website\",\"url\":\"https:\/\/sanktuariummrzyglod.pl\/\",\"name\":\"Sanktuarium Matki Bo\u017cej Mrzyg\u0142odzkiej\",\"description\":\"Kolejna witryna oparta na WordPressie\",\"potentialAction\":[{\"@type\":\"SearchAction\",\"target\":{\"@type\":\"EntryPoint\",\"urlTemplate\":\"https:\/\/sanktuariummrzyglod.pl\/?s={search_term_string}\"},\"query-input\":{\"@type\":\"PropertyValueSpecification\",\"valueRequired\":true,\"valueName\":\"search_term_string\"}}],\"inLanguage\":\"pl-PL\"},{\"@type\":\"Person\",\"@id\":\"https:\/\/sanktuariummrzyglod.pl\/#\/schema\/person\/a6118573a4fdbae8370ed1ae8123a93f\",\"name\":\"proboszcz\",\"image\":{\"@type\":\"ImageObject\",\"inLanguage\":\"pl-PL\",\"@id\":\"https:\/\/sanktuariummrzyglod.pl\/#\/schema\/person\/image\/\",\"url\":\"https:\/\/secure.gravatar.com\/avatar\/801b71fdf640cfbf93c8fbba38f449ffbd4a6039b2b8721dfa8829640ad8b262?s=96&d=mm&r=g\",\"contentUrl\":\"https:\/\/secure.gravatar.com\/avatar\/801b71fdf640cfbf93c8fbba38f449ffbd4a6039b2b8721dfa8829640ad8b262?s=96&d=mm&r=g\",\"caption\":\"proboszcz\"},\"url\":\"http:\/\/sanktuariummrzyglod.pl\/?author=2\"}]}<\/script>\n<!-- \/ Yoast SEO plugin. -->","yoast_head_json":{"title":"05-12.04.2026 - Sanktuarium Matki Bo\u017cej Mrzyg\u0142odzkiej","robots":{"index":"index","follow":"follow","max-snippet":"max-snippet:-1","max-image-preview":"max-image-preview:large","max-video-preview":"max-video-preview:-1"},"canonical":"https:\/\/sanktuariummrzyglod.pl\/?p=3925","og_locale":"pl_PL","og_type":"article","og_title":"05-12.04.2026 - Sanktuarium Matki Bo\u017cej Mrzyg\u0142odzkiej","og_description":"&nbsp; &nbsp;NIEDZIELA ZMARTWYCHWSTANIA PA\u0143SKIEGO \u2013 05.04 6.00 8.00 Rezurekcja. Za parafian + Mieczys\u0142aw Jurek w r.\u015bm. \u2013 od \u017cony 9.30 + Marian Karcz w r.\u015bm. Chrzst: Ignacy Lucjan Wo\u017aniczka 11.30 + Waldemar Rak w r.\u015bm. 16.00 + J\u00f3zef Latusek \u2013 od Marzeny i Romana Kuras z rodz. &nbsp; PONIEDZIA\u0141EK Wielkanocny \u2013 06.04 8.009.30 11.30 + [&hellip;]","og_url":"https:\/\/sanktuariummrzyglod.pl\/?p=3925","og_site_name":"Sanktuarium Matki Bo\u017cej Mrzyg\u0142odzkiej","article_published_time":"2026-04-05T08:18:16+00:00","article_modified_time":"2026-04-08T08:22:56+00:00","author":"proboszcz","twitter_card":"summary_large_image","twitter_misc":{"Napisane przez":"proboszcz","Szacowany czas czytania":"3 minuty"},"schema":{"@context":"https:\/\/schema.org","@graph":[{"@type":"WebPage","@id":"https:\/\/sanktuariummrzyglod.pl\/?p=3925","url":"https:\/\/sanktuariummrzyglod.pl\/?p=3925","name":"05-12.04.2026 - Sanktuarium Matki Bo\u017cej Mrzyg\u0142odzkiej","isPartOf":{"@id":"https:\/\/sanktuariummrzyglod.pl\/#website"},"datePublished":"2026-04-05T08:18:16+00:00","dateModified":"2026-04-08T08:22:56+00:00","author":{"@id":"https:\/\/sanktuariummrzyglod.pl\/#\/schema\/person\/a6118573a4fdbae8370ed1ae8123a93f"},"breadcrumb":{"@id":"https:\/\/sanktuariummrzyglod.pl\/?p=3925#breadcrumb"},"inLanguage":"pl-PL","potentialAction":[{"@type":"ReadAction","target":["https:\/\/sanktuariummrzyglod.pl\/?p=3925"]}]},{"@type":"BreadcrumbList","@id":"https:\/\/sanktuariummrzyglod.pl\/?p=3925#breadcrumb","itemListElement":[{"@type":"ListItem","position":1,"name":"Strona g\u0142\u00f3wna","item":"https:\/\/sanktuariummrzyglod.pl\/"},{"@type":"ListItem","position":2,"name":"05-12.04.2026"}]},{"@type":"WebSite","@id":"https:\/\/sanktuariummrzyglod.pl\/#website","url":"https:\/\/sanktuariummrzyglod.pl\/","name":"Sanktuarium Matki Bo\u017cej Mrzyg\u0142odzkiej","description":"Kolejna witryna oparta na WordPressie","potentialAction":[{"@type":"SearchAction","target":{"@type":"EntryPoint","urlTemplate":"https:\/\/sanktuariummrzyglod.pl\/?s={search_term_string}"},"query-input":{"@type":"PropertyValueSpecification","valueRequired":true,"valueName":"search_term_string"}}],"inLanguage":"pl-PL"},{"@type":"Person","@id":"https:\/\/sanktuariummrzyglod.pl\/#\/schema\/person\/a6118573a4fdbae8370ed1ae8123a93f","name":"proboszcz","image":{"@type":"ImageObject","inLanguage":"pl-PL","@id":"https:\/\/sanktuariummrzyglod.pl\/#\/schema\/person\/image\/","url":"https:\/\/secure.gravatar.com\/avatar\/801b71fdf640cfbf93c8fbba38f449ffbd4a6039b2b8721dfa8829640ad8b262?s=96&d=mm&r=g","contentUrl":"https:\/\/secure.gravatar.com\/avatar\/801b71fdf640cfbf93c8fbba38f449ffbd4a6039b2b8721dfa8829640ad8b262?s=96&d=mm&r=g","caption":"proboszcz"},"url":"http:\/\/sanktuariummrzyglod.pl\/?author=2"}]}},"_links":{"self":[{"href":"http:\/\/sanktuariummrzyglod.pl\/index.php?rest_route=\/wp\/v2\/posts\/3925","targetHints":{"allow":["GET"]}}],"collection":[{"href":"http:\/\/sanktuariummrzyglod.pl\/index.php?rest_route=\/wp\/v2\/posts"}],"about":[{"href":"http:\/\/sanktuariummrzyglod.pl\/index.php?rest_route=\/wp\/v2\/types\/post"}],"author":[{"embeddable":true,"href":"http:\/\/sanktuariummrzyglod.pl\/index.php?rest_route=\/wp\/v2\/users\/2"}],"replies":[{"embeddable":true,"href":"http:\/\/sanktuariummrzyglod.pl\/index.php?rest_route=%2Fwp%2Fv2%2Fcomments&post=3925"}],"version-history":[{"count":1,"href":"http:\/\/sanktuariummrzyglod.pl\/index.php?rest_route=\/wp\/v2\/posts\/3925\/revisions"}],"predecessor-version":[{"id":3926,"href":"http:\/\/sanktuariummrzyglod.pl\/index.php?rest_route=\/wp\/v2\/posts\/3925\/revisions\/3926"}],"wp:attachment":[{"href":"http:\/\/sanktuariummrzyglod.pl\/index.php?rest_route=%2Fwp%2Fv2%2Fmedia&parent=3925"}],"wp:term":[{"taxonomy":"category","embeddable":true,"href":"http:\/\/sanktuariummrzyglod.pl\/index.php?rest_route=%2Fwp%2Fv2%2Fcategories&post=3925"},{"taxonomy":"post_tag","embeddable":true,"href":"http:\/\/sanktuariummrzyglod.pl\/index.php?rest_route=%2Fwp%2Fv2%2Ftags&post=3925"}],"curies":[{"name":"wp","href":"https:\/\/api.w.org\/{rel}","templated":true}]}}