{"id":3930,"date":"2026-04-19T21:45:25","date_gmt":"2026-04-19T19:45:25","guid":{"rendered":"http:\/\/sanktuariummrzyglod.pl\/?p=3930"},"modified":"2026-04-19T21:45:55","modified_gmt":"2026-04-19T19:45:55","slug":"3930","status":"publish","type":"post","link":"http:\/\/sanktuariummrzyglod.pl\/?p=3930","title":{"rendered":"19-26.04.2026"},"content":{"rendered":"\n<figure class=\"wp-block-table\"><table class=\"has-fixed-layout\"><tbody><tr><td><strong>&nbsp;<\/strong><\/td><td><strong>III Niedziela Wielkanocna \u2013 19.04<\/strong><\/td><\/tr><tr><td><strong>8.00<\/strong><\/td><td><strong>+ Waleria Wincenty Rusek<\/strong><\/td><\/tr><tr><td><strong>9.30<\/strong><\/td><td><strong>+ Maria Stefan Tadeusz Ko\u0142odziejczyk<\/strong><\/td><\/tr><tr><td><strong>11.30<\/strong><\/td><td><strong>+ Zofia Mi\u015bta \u2013 od c\u00f3rki Marzeny<\/strong> <br><strong>\u00a0Chrzest: Izabela Maria Chwastek<\/strong><\/td><\/tr><tr><td><strong>16.00<\/strong><\/td><td><strong>+ Stanis\u0142aw Goc 17 r.\u015bm. \u2013 od syn\u00f3w z rodzinami<\/strong><\/td><\/tr><tr><td colspan=\"2\"><strong>&nbsp;<\/strong> <strong>PONIEDZIA\u0141EK \u2013 20.04<\/strong><\/td><\/tr><tr><td><strong>6.30<\/strong> <\/td><td><strong>+ Daniela Duda \u2013 od Barbary Pucek<\/strong> <\/td><\/tr><tr><td><strong>\u00a017.30<\/strong><\/td><td><strong>\u00a0+ Anna Lenart \u2013 od rodz. Orda<\/strong><\/td><\/tr><tr><td colspan=\"2\"><strong>WTOREK \u2013 21.04<\/strong><\/td><\/tr><tr><td><strong>6.30<\/strong> <\/td><td><strong>+ Anna Lenart \u2013 od Zofii Trybenek<\/strong> <\/td><\/tr><tr><td><strong>\u00a017.30<\/strong><\/td><td><strong>\u00a0+ Daniela Duda \u2013 od chrze\u015bnicy Marzeny Pucek<\/strong><\/td><\/tr><tr><td colspan=\"2\"><strong>\u015aRODA \u2013 22.04<\/strong><\/td><\/tr><tr><td><strong>6.30<\/strong> <strong>\u00a0<\/strong> <\/td><td><strong>+ Anna Lenart \u2013 od Krystyny Ku\u0107 i Agnieszki Ku\u0107 \u2013 Kanabrockiej z Soko\u0142owa Podlaskiego<\/strong> <\/td><\/tr><tr><td><strong>\u00a017.30<\/strong><\/td><td><strong>\u00a0Nowenna do Matki Bo\u017cej<\/strong><\/td><\/tr><tr><td colspan=\"2\"><strong>CZWARTEK \u2013 23.04 \u2013 Uroczysto\u015b\u0107 \u015bw. Wojciecha<\/strong><\/td><\/tr><tr><td><strong>9.00<\/strong><\/td><td><strong>+ Daniela Duda \u2013 od rodz. Musialik\u00f3w<\/strong><\/td><\/tr><tr><td><strong>17.30<\/strong><\/td><td><strong>+ Anna Lenart \u2013 od chrze\u015bnicy Moniki z rodz. Dzidowskich<\/strong> &nbsp;<\/td><\/tr><tr><td colspan=\"2\"><strong>PI\u0104TEK \u2013 24.04<\/strong><\/td><\/tr><tr><td><strong>6.30<\/strong><\/td><td><strong>+ Anna Lenart \u2013 od rodz. Malczewskich i Maszczyk\u00f3w<\/strong><\/td><\/tr><tr><td><strong>17.30<\/strong><\/td><td><strong>+ Jerzy Raczek \u2013 od wnuka Jakuba z \u017con\u0105 Oliwi\u0105<\/strong> <strong>&nbsp;<\/strong><\/td><\/tr><tr><td colspan=\"2\"><strong>SOBOTA \u2013 25.04<\/strong><\/td><\/tr><tr><td><strong>6.30<\/strong><\/td><td><strong>+ Anna Lenart \u2013 od Agaty \u017by\u0142a z rodz.<\/strong> <\/td><\/tr><tr><td>\u00a0 <strong>16.30<\/strong><\/td><td><strong>\u00a0\u00a01)50lecie Sakramentu Ma\u0142\u017ce\u0144stwa Danuty i Henryka Moczulskich<\/strong> <br><strong>2)+ Jan 30 r.\u015bm. Marian Helena Rak<\/strong><\/td><\/tr><tr><td><strong>&nbsp;<\/strong><\/td><td><strong>IV Niedziela Wielkanocna \u2013 26.04<\/strong><\/td><\/tr><tr><td><strong>8.00<\/strong><\/td><td><strong>+ Janina Marian bu\u0142a w r.\u015bm. \u2013 od c\u00f3rek z rodz.<\/strong><\/td><\/tr><tr><td><strong>9.30<\/strong><\/td><td><strong>+ Marianna Wosik Witold Wieczorek<\/strong><\/td><\/tr><tr><td><strong>11.30<\/strong><\/td><td><strong>1)+ Zofia W\u0142adys\u0142aw Surowiec<\/strong> <br><strong>2) Imieninowa w intencji ks. Marka \u2013 od KZR i Wsp\u00f3lnoty Mi\u0142osierdzia<\/strong><\/td><\/tr><tr><td><strong>16.00<\/strong> <strong>&nbsp;<\/strong><\/td><td><strong>+ Henryk Mr\u00f3z r.\u015bm. \u2013 od \u017cony<\/strong><\/td><\/tr><\/tbody><\/table><\/figure>\n\n\n\n<p><strong>17:30 NOWENNA DO MATKI BO\u017bEJ MRZYG\u0141ODZKIEJ<\/strong><\/p>\n\n\n\n<p><strong>O odnowienie mi\u0142o\u015bci w naszych rodzinach<\/strong><\/p>\n\n\n\n<p><strong>O pok\u00f3j na \u015bwiecie, w Ziemi \u015awi\u0119tej i Ukrainie<\/strong><\/p>\n\n\n\n<p><strong>O pok\u00f3j w rodzinach i w naszej Ojczy\u017anie<\/strong><\/p>\n\n\n\n<p><strong>W pewnej intencji o zdrowie dla rodziny<\/strong><\/p>\n\n\n\n<p><strong>W intencji ofiarodawc\u00f3w i darczy\u0144c\u00f3w naszej parafii<\/strong><\/p>\n\n\n\n<p><strong>O powo\u0142ania kap\u0142a\u0144skie, zakonne i misyjne z naszej parafii<\/strong><\/p>\n\n\n\n<p><strong>W intencji Wojciecha z okazji imienin \u2013 o zdrowie i b\u0142ogos\u0142. Bo\u017ce<\/strong><\/p>\n\n\n\n<p><strong>W intencji Marka z okazji imienin \u2013 o zdrowie i b\u0142og. Bo\u017ce<\/strong><\/p>\n\n\n\n<p><strong>W intencji Jaros\u0142awa z okazji imienin \u2013 o zdrowie i b\u0142og. Bo\u017ce<\/strong><\/p>\n\n\n\n<p><strong>+W intencji zmar\u0142ych kap\u0142an\u00f3w pracuj\u0105cych w&nbsp;naszej parafii<\/strong><\/p>\n\n\n\n<p><strong>Ks. Zdzis\u0142awa Skrzeka, ks. Marka Witesa i Macieja Poniewiery<\/strong><\/p>\n\n\n\n<p><strong>+ Zofia, Stefan, Piotr Stanis\u0142awa i Franciszek Gancarek, Anna Stefan<\/strong><\/p>\n\n\n\n<p><strong>Tadeusz Maria Szymczy\u0144scy, Wac\u0142aw Piekielski, Jan i Tomasz Kuc<\/strong><\/p>\n\n\n\n<p><strong>+ Ryszard Rutkowski \u2013 od Marii Motylewskiej z rodz.<\/strong><\/p>\n\n\n\n<p><strong>+ Mariola Zmarzlik \u2013 od Barbary Pniakowskiej z rodz.<\/strong><\/p>\n\n\n\n<p><strong>+ Leszek Karolczyk \u2013 od rodz. Sosnowskich z Poraja<\/strong><strong> <\/strong><strong><\/strong><\/p>\n\n\n\n<p><strong>+ Marian Bulski \u2013 od Zbigniewa Ma\u0142gorzaty M\u0119cik W\u0142odzimierza Edyty G\u0119bka<\/strong><\/p>\n\n\n\n<p><strong>+ Helena Labocha \u2013 od rodz. Mrowiec z Zawadki<\/strong><\/p>\n\n\n\n<p><strong>+ Kazimierz Krzy\u015bpsiak \u2013 od El\u017cbiety Opydo i Lidii Ostrowskiej<\/strong><\/p>\n\n\n\n<p><strong>+ J\u00f3zef Latusek \u2013 od siostry Krystyny z rodz.<\/strong><\/p>\n\n\n\n<p><strong>+ Barbara Bor\u00f3wka \u2013 od&nbsp; rodz. Storczowskich<\/strong><\/p>\n\n\n\n<p><strong>+ Jadwiga St\u0119pnik \u2013 od najbli\u017cszych (10)<\/strong><\/p>\n\n\n\n<p><strong>+ Jerzy Raczek \u2013 od Ewy i Marcina Warcho\u0142<\/strong><\/p>\n\n\n\n<p><strong>+ Zofia Mr\u00f3z \u2013 od Krystyny G\u00f3rywoda i Czes\u0142awy Mr\u00f3z<\/strong><\/p>\n\n\n\n<p><strong>+ Henryk \u0106wi\u0119kowski \u2013 od Heleny i Ryszarda Ochockich z rodz.<\/strong><\/p>\n\n\n\n<p><strong>+ Stanis\u0142awa Bor\u00f3wka \u2013 od Justyny i Mariusza Szczepa\u0144skich<\/strong><\/p>\n\n\n\n<p><strong>+ Jerzy Orman<\/strong><\/p>\n\n\n\n<p><strong>+ Halina Pa\u0142ucha \u2013 od Darii i Paw\u0142a G\u00f3rywoda z dzie\u0107mi<\/strong><\/p>\n\n\n\n<p><strong>+ Stanis\u0142awa Lewandowska \u2013 <\/strong><strong>od syna z rodz. Lewandowskich<\/strong><\/p>\n\n\n\n<p><strong>+ Jerzy Waksma\u0144ski \u2013 od Zofii Rok<\/strong><\/p>\n\n\n\n<p><\/p>\n","protected":false},"excerpt":{"rendered":"<p>&nbsp; III Niedziela Wielkanocna \u2013 19.04 8.00 + Waleria Wincenty Rusek 9.30 + Maria Stefan Tadeusz Ko\u0142odziejczyk 11.30 + Zofia Mi\u015bta \u2013 od c\u00f3rki Marzeny \u00a0Chrzest: Izabela Maria Chwastek 16.00 + Stanis\u0142aw Goc 17 r.\u015bm. \u2013 od syn\u00f3w z rodzinami &nbsp; PONIEDZIA\u0141EK \u2013 20.04 6.30 + Daniela Duda \u2013 od Barbary Pucek \u00a017.30 \u00a0+ Anna [&hellip;]<\/p>\n","protected":false},"author":2,"featured_media":0,"comment_status":"open","ping_status":"open","sticky":false,"template":"","format":"standard","meta":{"_acf_changed":false,"footnotes":""},"categories":[12],"tags":[],"class_list":["post-3930","post","type-post","status-publish","format-standard","hentry","category-intencje-mszalne"],"acf":[],"yoast_head":"<!-- This site is optimized with the Yoast SEO plugin v26.3 - https:\/\/yoast.com\/wordpress\/plugins\/seo\/ -->\n<title>19-26.04.2026 - Sanktuarium Matki Bo\u017cej Mrzyg\u0142odzkiej<\/title>\n<meta name=\"robots\" content=\"index, follow, max-snippet:-1, max-image-preview:large, max-video-preview:-1\" \/>\n<link rel=\"canonical\" href=\"http:\/\/sanktuariummrzyglod.pl\/?p=3930\" \/>\n<meta property=\"og:locale\" content=\"pl_PL\" \/>\n<meta property=\"og:type\" content=\"article\" \/>\n<meta property=\"og:title\" content=\"19-26.04.2026 - Sanktuarium Matki Bo\u017cej Mrzyg\u0142odzkiej\" \/>\n<meta property=\"og:description\" content=\"&nbsp; III Niedziela Wielkanocna \u2013 19.04 8.00 + Waleria Wincenty Rusek 9.30 + Maria Stefan Tadeusz Ko\u0142odziejczyk 11.30 + Zofia Mi\u015bta \u2013 od c\u00f3rki Marzeny \u00a0Chrzest: Izabela Maria Chwastek 16.00 + Stanis\u0142aw Goc 17 r.\u015bm. \u2013 od syn\u00f3w z rodzinami &nbsp; PONIEDZIA\u0141EK \u2013 20.04 6.30 + Daniela Duda \u2013 od Barbary Pucek \u00a017.30 \u00a0+ Anna [&hellip;]\" \/>\n<meta property=\"og:url\" content=\"http:\/\/sanktuariummrzyglod.pl\/?p=3930\" \/>\n<meta property=\"og:site_name\" content=\"Sanktuarium Matki Bo\u017cej Mrzyg\u0142odzkiej\" \/>\n<meta property=\"article:published_time\" content=\"2026-04-19T19:45:25+00:00\" \/>\n<meta property=\"article:modified_time\" content=\"2026-04-19T19:45:55+00:00\" \/>\n<meta name=\"author\" content=\"proboszcz\" \/>\n<meta name=\"twitter:card\" content=\"summary_large_image\" \/>\n<meta name=\"twitter:label1\" content=\"Napisane przez\" \/>\n\t<meta name=\"twitter:data1\" content=\"proboszcz\" \/>\n\t<meta name=\"twitter:label2\" content=\"Szacowany czas czytania\" \/>\n\t<meta name=\"twitter:data2\" content=\"3 minuty\" \/>\n<script type=\"application\/ld+json\" class=\"yoast-schema-graph\">{\"@context\":\"https:\/\/schema.org\",\"@graph\":[{\"@type\":\"WebPage\",\"@id\":\"http:\/\/sanktuariummrzyglod.pl\/?p=3930\",\"url\":\"http:\/\/sanktuariummrzyglod.pl\/?p=3930\",\"name\":\"19-26.04.2026 - Sanktuarium Matki Bo\u017cej Mrzyg\u0142odzkiej\",\"isPartOf\":{\"@id\":\"https:\/\/sanktuariummrzyglod.pl\/#website\"},\"datePublished\":\"2026-04-19T19:45:25+00:00\",\"dateModified\":\"2026-04-19T19:45:55+00:00\",\"author\":{\"@id\":\"https:\/\/sanktuariummrzyglod.pl\/#\/schema\/person\/a6118573a4fdbae8370ed1ae8123a93f\"},\"breadcrumb\":{\"@id\":\"http:\/\/sanktuariummrzyglod.pl\/?p=3930#breadcrumb\"},\"inLanguage\":\"pl-PL\",\"potentialAction\":[{\"@type\":\"ReadAction\",\"target\":[\"http:\/\/sanktuariummrzyglod.pl\/?p=3930\"]}]},{\"@type\":\"BreadcrumbList\",\"@id\":\"http:\/\/sanktuariummrzyglod.pl\/?p=3930#breadcrumb\",\"itemListElement\":[{\"@type\":\"ListItem\",\"position\":1,\"name\":\"Strona g\u0142\u00f3wna\",\"item\":\"https:\/\/sanktuariummrzyglod.pl\/\"},{\"@type\":\"ListItem\",\"position\":2,\"name\":\"19-26.04.2026\"}]},{\"@type\":\"WebSite\",\"@id\":\"https:\/\/sanktuariummrzyglod.pl\/#website\",\"url\":\"https:\/\/sanktuariummrzyglod.pl\/\",\"name\":\"Sanktuarium Matki Bo\u017cej Mrzyg\u0142odzkiej\",\"description\":\"Kolejna witryna oparta na WordPressie\",\"potentialAction\":[{\"@type\":\"SearchAction\",\"target\":{\"@type\":\"EntryPoint\",\"urlTemplate\":\"https:\/\/sanktuariummrzyglod.pl\/?s={search_term_string}\"},\"query-input\":{\"@type\":\"PropertyValueSpecification\",\"valueRequired\":true,\"valueName\":\"search_term_string\"}}],\"inLanguage\":\"pl-PL\"},{\"@type\":\"Person\",\"@id\":\"https:\/\/sanktuariummrzyglod.pl\/#\/schema\/person\/a6118573a4fdbae8370ed1ae8123a93f\",\"name\":\"proboszcz\",\"image\":{\"@type\":\"ImageObject\",\"inLanguage\":\"pl-PL\",\"@id\":\"https:\/\/sanktuariummrzyglod.pl\/#\/schema\/person\/image\/\",\"url\":\"https:\/\/secure.gravatar.com\/avatar\/801b71fdf640cfbf93c8fbba38f449ffbd4a6039b2b8721dfa8829640ad8b262?s=96&d=mm&r=g\",\"contentUrl\":\"https:\/\/secure.gravatar.com\/avatar\/801b71fdf640cfbf93c8fbba38f449ffbd4a6039b2b8721dfa8829640ad8b262?s=96&d=mm&r=g\",\"caption\":\"proboszcz\"},\"url\":\"http:\/\/sanktuariummrzyglod.pl\/?author=2\"}]}<\/script>\n<!-- \/ Yoast SEO plugin. -->","yoast_head_json":{"title":"19-26.04.2026 - Sanktuarium Matki Bo\u017cej Mrzyg\u0142odzkiej","robots":{"index":"index","follow":"follow","max-snippet":"max-snippet:-1","max-image-preview":"max-image-preview:large","max-video-preview":"max-video-preview:-1"},"canonical":"http:\/\/sanktuariummrzyglod.pl\/?p=3930","og_locale":"pl_PL","og_type":"article","og_title":"19-26.04.2026 - Sanktuarium Matki Bo\u017cej Mrzyg\u0142odzkiej","og_description":"&nbsp; III Niedziela Wielkanocna \u2013 19.04 8.00 + Waleria Wincenty Rusek 9.30 + Maria Stefan Tadeusz Ko\u0142odziejczyk 11.30 + Zofia Mi\u015bta \u2013 od c\u00f3rki Marzeny \u00a0Chrzest: Izabela Maria Chwastek 16.00 + Stanis\u0142aw Goc 17 r.\u015bm. \u2013 od syn\u00f3w z rodzinami &nbsp; PONIEDZIA\u0141EK \u2013 20.04 6.30 + Daniela Duda \u2013 od Barbary Pucek \u00a017.30 \u00a0+ Anna [&hellip;]","og_url":"http:\/\/sanktuariummrzyglod.pl\/?p=3930","og_site_name":"Sanktuarium Matki Bo\u017cej Mrzyg\u0142odzkiej","article_published_time":"2026-04-19T19:45:25+00:00","article_modified_time":"2026-04-19T19:45:55+00:00","author":"proboszcz","twitter_card":"summary_large_image","twitter_misc":{"Napisane przez":"proboszcz","Szacowany czas czytania":"3 minuty"},"schema":{"@context":"https:\/\/schema.org","@graph":[{"@type":"WebPage","@id":"http:\/\/sanktuariummrzyglod.pl\/?p=3930","url":"http:\/\/sanktuariummrzyglod.pl\/?p=3930","name":"19-26.04.2026 - Sanktuarium Matki Bo\u017cej Mrzyg\u0142odzkiej","isPartOf":{"@id":"https:\/\/sanktuariummrzyglod.pl\/#website"},"datePublished":"2026-04-19T19:45:25+00:00","dateModified":"2026-04-19T19:45:55+00:00","author":{"@id":"https:\/\/sanktuariummrzyglod.pl\/#\/schema\/person\/a6118573a4fdbae8370ed1ae8123a93f"},"breadcrumb":{"@id":"http:\/\/sanktuariummrzyglod.pl\/?p=3930#breadcrumb"},"inLanguage":"pl-PL","potentialAction":[{"@type":"ReadAction","target":["http:\/\/sanktuariummrzyglod.pl\/?p=3930"]}]},{"@type":"BreadcrumbList","@id":"http:\/\/sanktuariummrzyglod.pl\/?p=3930#breadcrumb","itemListElement":[{"@type":"ListItem","position":1,"name":"Strona g\u0142\u00f3wna","item":"https:\/\/sanktuariummrzyglod.pl\/"},{"@type":"ListItem","position":2,"name":"19-26.04.2026"}]},{"@type":"WebSite","@id":"https:\/\/sanktuariummrzyglod.pl\/#website","url":"https:\/\/sanktuariummrzyglod.pl\/","name":"Sanktuarium Matki Bo\u017cej Mrzyg\u0142odzkiej","description":"Kolejna witryna oparta na WordPressie","potentialAction":[{"@type":"SearchAction","target":{"@type":"EntryPoint","urlTemplate":"https:\/\/sanktuariummrzyglod.pl\/?s={search_term_string}"},"query-input":{"@type":"PropertyValueSpecification","valueRequired":true,"valueName":"search_term_string"}}],"inLanguage":"pl-PL"},{"@type":"Person","@id":"https:\/\/sanktuariummrzyglod.pl\/#\/schema\/person\/a6118573a4fdbae8370ed1ae8123a93f","name":"proboszcz","image":{"@type":"ImageObject","inLanguage":"pl-PL","@id":"https:\/\/sanktuariummrzyglod.pl\/#\/schema\/person\/image\/","url":"https:\/\/secure.gravatar.com\/avatar\/801b71fdf640cfbf93c8fbba38f449ffbd4a6039b2b8721dfa8829640ad8b262?s=96&d=mm&r=g","contentUrl":"https:\/\/secure.gravatar.com\/avatar\/801b71fdf640cfbf93c8fbba38f449ffbd4a6039b2b8721dfa8829640ad8b262?s=96&d=mm&r=g","caption":"proboszcz"},"url":"http:\/\/sanktuariummrzyglod.pl\/?author=2"}]}},"_links":{"self":[{"href":"http:\/\/sanktuariummrzyglod.pl\/index.php?rest_route=\/wp\/v2\/posts\/3930","targetHints":{"allow":["GET"]}}],"collection":[{"href":"http:\/\/sanktuariummrzyglod.pl\/index.php?rest_route=\/wp\/v2\/posts"}],"about":[{"href":"http:\/\/sanktuariummrzyglod.pl\/index.php?rest_route=\/wp\/v2\/types\/post"}],"author":[{"embeddable":true,"href":"http:\/\/sanktuariummrzyglod.pl\/index.php?rest_route=\/wp\/v2\/users\/2"}],"replies":[{"embeddable":true,"href":"http:\/\/sanktuariummrzyglod.pl\/index.php?rest_route=%2Fwp%2Fv2%2Fcomments&post=3930"}],"version-history":[{"count":2,"href":"http:\/\/sanktuariummrzyglod.pl\/index.php?rest_route=\/wp\/v2\/posts\/3930\/revisions"}],"predecessor-version":[{"id":3932,"href":"http:\/\/sanktuariummrzyglod.pl\/index.php?rest_route=\/wp\/v2\/posts\/3930\/revisions\/3932"}],"wp:attachment":[{"href":"http:\/\/sanktuariummrzyglod.pl\/index.php?rest_route=%2Fwp%2Fv2%2Fmedia&parent=3930"}],"wp:term":[{"taxonomy":"category","embeddable":true,"href":"http:\/\/sanktuariummrzyglod.pl\/index.php?rest_route=%2Fwp%2Fv2%2Fcategories&post=3930"},{"taxonomy":"post_tag","embeddable":true,"href":"http:\/\/sanktuariummrzyglod.pl\/index.php?rest_route=%2Fwp%2Fv2%2Ftags&post=3930"}],"curies":[{"name":"wp","href":"https:\/\/api.w.org\/{rel}","templated":true}]}}